{"id":226,"date":"2017-05-29T13:52:30","date_gmt":"2017-05-29T11:52:30","guid":{"rendered":"http:\/\/neu.danyasegal.com\/?p=226\/"},"modified":"2017-05-29T13:52:30","modified_gmt":"2017-05-29T11:52:30","slug":"juliaugust-2017-glanz-poesie","status":"publish","type":"post","link":"https:\/\/www.danyasegal.com\/en\/2017\/05\/29\/juliaugust-2017-glanz-poesie\/","title":{"rendered":"Juli\/August 2017 Glanz &#038; Poesie"},"content":{"rendered":"<h2>Glanz &amp; Poesie<\/h2>\n<div id=\"c1\">\n<p><strong>Zum 250 Todesjahr von Georg Philipp Telemann (1681-1767)<\/strong><\/p>\n<p>Ein Konzert mit Musica Alta Ripa (drei ECHO Klassik).<\/p>\n<p>In diesem Jahr begeht die Musikwelt den 250. Todestag von Georg Philipp Telemann, eines der fruchtbarsten Komponisten, den es jemals gegeben hat. Wichtiger als die Quantit\u00e4t seines Werkes ist die Qualit\u00e4t seiner Musik, die ihn zum beliebtesten Komponisten seiner Zeit in Deutschland gemacht hat. Seine sch\u00f6pferische Fantasie hat alle \u00e4sthetischen Str\u00f6mungen des 18 Jahrhunderts aufgegriffen und zu immer wieder verbl\u00fcffend neuen L\u00f6sungen gebracht.<br \/>\nF\u00fcr Musica Alta Ripa ist Telemann ein zentraler Lieblingskomponist. Bereits 5 CD\u2013Produktionen hat das Ensemble dem Komponisten gewidmet. F\u00fcr ein festlich\u2013vergn\u00fcgliches Kammermusikprogramm stellen wir Suiten, Sonaten, Quadros, Trios und Fantasien aus seinem Oeuvre zu einem bunt- gl\u00e4nzenden Musikerlebnis zusammen.<br \/>\n<strong>Die Termine:<\/strong><br \/>\n22. Juli 2017: im frisch restaurierten Innenhof von Schloss Landestrost, Neustadt am R\u00fcbenberge<br \/>\n27. August 2017: Schloss Oelber, kleiner Festsaal<\/p>\n<p>Karten (34 Euro) unter vvk-kuenstlerhaus.de und an der Abendkasse<\/p>\n<\/div>\n","protected":false},"excerpt":{"rendered":"<p>Glanz &amp; Poesie Zum 250 Todesjahr von Georg Philipp Telemann (1681-1767) Ein Konzert mit Musica Alta Ripa (drei ECHO Klassik). In diesem Jahr begeht die Musikwelt den 250. Todestag von<span class=\"more-button\"><a href=\"https:\/\/www.danyasegal.com\/en\/2017\/05\/29\/juliaugust-2017-glanz-poesie\/\" class=\"more-link\">Continue reading<span class=\"screen-reader-text\">Juli\/August 2017 Glanz &#038; Poesie<\/span><\/a><\/span><\/p>\n","protected":false},"author":1,"featured_media":0,"comment_status":"open","ping_status":"open","sticky":false,"template":"","format":"standard","meta":{"footnotes":""},"categories":[2],"tags":[],"class_list":["post-226","post","type-post","status-publish","format-standard","hentry","category-allgemein-en"],"_links":{"self":[{"href":"https:\/\/www.danyasegal.com\/en\/wp-json\/wp\/v2\/posts\/226","targetHints":{"allow":["GET"]}}],"collection":[{"href":"https:\/\/www.danyasegal.com\/en\/wp-json\/wp\/v2\/posts"}],"about":[{"href":"https:\/\/www.danyasegal.com\/en\/wp-json\/wp\/v2\/types\/post"}],"author":[{"embeddable":true,"href":"https:\/\/www.danyasegal.com\/en\/wp-json\/wp\/v2\/users\/1"}],"replies":[{"embeddable":true,"href":"https:\/\/www.danyasegal.com\/en\/wp-json\/wp\/v2\/comments?post=226"}],"version-history":[{"count":1,"href":"https:\/\/www.danyasegal.com\/en\/wp-json\/wp\/v2\/posts\/226\/revisions"}],"predecessor-version":[{"id":227,"href":"https:\/\/www.danyasegal.com\/en\/wp-json\/wp\/v2\/posts\/226\/revisions\/227"}],"wp:attachment":[{"href":"https:\/\/www.danyasegal.com\/en\/wp-json\/wp\/v2\/media?parent=226"}],"wp:term":[{"taxonomy":"category","embeddable":true,"href":"https:\/\/www.danyasegal.com\/en\/wp-json\/wp\/v2\/categories?post=226"},{"taxonomy":"post_tag","embeddable":true,"href":"https:\/\/www.danyasegal.com\/en\/wp-json\/wp\/v2\/tags?post=226"}],"curies":[{"name":"wp","href":"https:\/\/api.w.org\/{rel}","templated":true}]}}